{"id":939,"date":"2016-01-11T09:17:00","date_gmt":"2016-01-11T08:17:00","guid":{"rendered":"http:\/\/www.royal1.it\/royal2015\/de\/nachrichten\/sigep-2327-gennaio-2016\/"},"modified":"2016-01-27T10:53:54","modified_gmt":"2016-01-27T09:53:54","slug":"sigep-2016","status":"publish","type":"post","link":"https:\/\/www.royal1.it\/de\/sigep-2016\/","title":{"rendered":"Sigep &#8211; 23\/27 Januar 2016"},"content":{"rendered":"<p>CBC ROYAL FIRST\u00a0wird anwesend sein Sigep 2016 \u2013\u00a0RIMINI \u2013 von 23 bis 27 Januar 2016.<br \/>\nPad A1, stand 129.<\/p>\n<p>Link: <a href=\"http:\/\/www.sigep.it\/\">www.sigep.it<\/a><\/p>\n<p>Die XXXVII. Ausgabe der Veranstaltung best\u00e4tigt ihren Rang als internationale Leitmesse f\u00fcr das Speiseeishandwerk, als f\u00fchrende europ\u00e4ische Ausstellung f\u00fcr das Konditorhandwerk und die Konsolidierung ihrer Bedeutung auch f\u00fcr den B\u00e4ckerhandwerkssektor.<\/p>\n<div class=\"pimcore_area_wysiwyg pimcore_area_content\">\n<section class=\"area-wysiwyg\">Ausgestellt werden alle Neuheiten in Sachen Rohstoffe und Zutaten, Anlagen und Ger\u00e4te, Einrichtung und Serviceleistungen f\u00fcr handwerklich betriebene Eisdielen, Konditoreien, Caf\u00e9s und B\u00e4ckereien.Thematische Sonderbereiche, internationale Wettbewerbe und Meisterschaften, Vorf\u00fchrungen, Fortbildungskurse und -Seminare sowie Sonderausstellungen bilden ein abgerundetes Messeprogramm.<\/p>\n<\/section>\n<\/div>\n","protected":false},"excerpt":{"rendered":"<p>CBC ROYAL FIRST wird anwesend sein Sigep 2016 \u2013 RIMINI \u2013 von 23 bis 27 Januar 2016.<br \/>\nPad A1, stand 129.<\/p>\n","protected":false},"author":2,"featured_media":936,"comment_status":"closed","ping_status":"closed","sticky":false,"template":"","format":"standard","meta":[],"categories":[33],"tags":[],"acf":[],"yoast_head":"<!-- This site is optimized with the Yoast SEO plugin v20.1 - https:\/\/yoast.com\/wordpress\/plugins\/seo\/ -->\n<title>Sigep - 23\/27 Januar 2016 | CBC Royal First<\/title>\n<meta name=\"robots\" content=\"index, follow, max-snippet:-1, max-image-preview:large, max-video-preview:-1\" \/>\n<link rel=\"canonical\" href=\"https:\/\/www.royal1.it\/de\/sigep-2016\/\" \/>\n<meta property=\"og:locale\" content=\"de_DE\" \/>\n<meta property=\"og:type\" content=\"article\" \/>\n<meta property=\"og:title\" content=\"Sigep - 23\/27 Januar 2016 | CBC Royal First\" \/>\n<meta property=\"og:description\" content=\"CBC ROYAL FIRST wird anwesend sein Sigep 2016 \u2013 RIMINI \u2013 von 23 bis 27 Januar 2016. Pad A1, stand 129.\" \/>\n<meta property=\"og:url\" content=\"https:\/\/www.royal1.it\/de\/sigep-2016\/\" \/>\n<meta property=\"og:site_name\" content=\"CBC Royal First\" \/>\n<meta property=\"article:published_time\" content=\"2016-01-11T08:17:00+00:00\" \/>\n<meta property=\"article:modified_time\" content=\"2016-01-27T09:53:54+00:00\" \/>\n<meta property=\"og:image\" content=\"https:\/\/www.royal1.it\/royal2015\/wp-content\/uploads\/2016\/01\/2016-01-sigep.jpg\" \/>\n\t<meta property=\"og:image:width\" content=\"952\" \/>\n\t<meta property=\"og:image:height\" content=\"665\" \/>\n\t<meta property=\"og:image:type\" content=\"image\/jpeg\" \/>\n<meta name=\"author\" content=\"Marta Vanzella\" \/>\n<meta name=\"twitter:card\" content=\"summary_large_image\" \/>\n<meta name=\"twitter:label1\" content=\"Verfasst von\" \/>\n\t<meta name=\"twitter:data1\" content=\"Marta Vanzella\" \/>\n<script type=\"application\/ld+json\" class=\"yoast-schema-graph\">{\"@context\":\"https:\/\/schema.org\",\"@graph\":[{\"@type\":\"WebPage\",\"@id\":\"https:\/\/www.royal1.it\/de\/sigep-2016\/\",\"url\":\"https:\/\/www.royal1.it\/de\/sigep-2016\/\",\"name\":\"Sigep - 23\/27 Januar 2016 | CBC Royal First\",\"isPartOf\":{\"@id\":\"https:\/\/www.royal1.it\/#website\"},\"datePublished\":\"2016-01-11T08:17:00+00:00\",\"dateModified\":\"2016-01-27T09:53:54+00:00\",\"author\":{\"@id\":\"https:\/\/www.royal1.it\/#\/schema\/person\/e4c3ac775c7f0cf1665433262de69f73\"},\"breadcrumb\":{\"@id\":\"https:\/\/www.royal1.it\/de\/sigep-2016\/#breadcrumb\"},\"inLanguage\":\"de\",\"potentialAction\":[{\"@type\":\"ReadAction\",\"target\":[\"https:\/\/www.royal1.it\/de\/sigep-2016\/\"]}]},{\"@type\":\"BreadcrumbList\",\"@id\":\"https:\/\/www.royal1.it\/de\/sigep-2016\/#breadcrumb\",\"itemListElement\":[{\"@type\":\"ListItem\",\"position\":1,\"name\":\"Home\",\"item\":\"https:\/\/www.royal1.it\/de\/\"},{\"@type\":\"ListItem\",\"position\":2,\"name\":\"Sigep &#8211; 23\/27 Januar 2016\"}]},{\"@type\":\"WebSite\",\"@id\":\"https:\/\/www.royal1.it\/#website\",\"url\":\"https:\/\/www.royal1.it\/\",\"name\":\"CBC Royal First\",\"description\":\"Macchine per caff\u00e8 espresso\",\"potentialAction\":[{\"@type\":\"SearchAction\",\"target\":{\"@type\":\"EntryPoint\",\"urlTemplate\":\"https:\/\/www.royal1.it\/?s={search_term_string}\"},\"query-input\":\"required name=search_term_string\"}],\"inLanguage\":\"de\"},{\"@type\":\"Person\",\"@id\":\"https:\/\/www.royal1.it\/#\/schema\/person\/e4c3ac775c7f0cf1665433262de69f73\",\"name\":\"Marta Vanzella\",\"image\":{\"@type\":\"ImageObject\",\"inLanguage\":\"de\",\"@id\":\"https:\/\/www.royal1.it\/#\/schema\/person\/image\/\",\"url\":\"https:\/\/secure.gravatar.com\/avatar\/b60589a00ad822e5b6c8aec3303ac997?s=96&d=mm&r=g\",\"contentUrl\":\"https:\/\/secure.gravatar.com\/avatar\/b60589a00ad822e5b6c8aec3303ac997?s=96&d=mm&r=g\",\"caption\":\"Marta Vanzella\"},\"sameAs\":[\"http:\/\/www.royal1.it\"]}]}<\/script>\n<!-- \/ Yoast SEO plugin. -->","yoast_head_json":{"title":"Sigep - 23\/27 Januar 2016 | CBC Royal First","robots":{"index":"index","follow":"follow","max-snippet":"max-snippet:-1","max-image-preview":"max-image-preview:large","max-video-preview":"max-video-preview:-1"},"canonical":"https:\/\/www.royal1.it\/de\/sigep-2016\/","og_locale":"de_DE","og_type":"article","og_title":"Sigep - 23\/27 Januar 2016 | CBC Royal First","og_description":"CBC ROYAL FIRST wird anwesend sein Sigep 2016 \u2013 RIMINI \u2013 von 23 bis 27 Januar 2016. Pad A1, stand 129.","og_url":"https:\/\/www.royal1.it\/de\/sigep-2016\/","og_site_name":"CBC Royal First","article_published_time":"2016-01-11T08:17:00+00:00","article_modified_time":"2016-01-27T09:53:54+00:00","og_image":[{"width":952,"height":665,"url":"https:\/\/www.royal1.it\/royal2015\/wp-content\/uploads\/2016\/01\/2016-01-sigep.jpg","type":"image\/jpeg"}],"author":"Marta Vanzella","twitter_card":"summary_large_image","twitter_misc":{"Verfasst von":"Marta Vanzella"},"schema":{"@context":"https:\/\/schema.org","@graph":[{"@type":"WebPage","@id":"https:\/\/www.royal1.it\/de\/sigep-2016\/","url":"https:\/\/www.royal1.it\/de\/sigep-2016\/","name":"Sigep - 23\/27 Januar 2016 | CBC Royal First","isPartOf":{"@id":"https:\/\/www.royal1.it\/#website"},"datePublished":"2016-01-11T08:17:00+00:00","dateModified":"2016-01-27T09:53:54+00:00","author":{"@id":"https:\/\/www.royal1.it\/#\/schema\/person\/e4c3ac775c7f0cf1665433262de69f73"},"breadcrumb":{"@id":"https:\/\/www.royal1.it\/de\/sigep-2016\/#breadcrumb"},"inLanguage":"de","potentialAction":[{"@type":"ReadAction","target":["https:\/\/www.royal1.it\/de\/sigep-2016\/"]}]},{"@type":"BreadcrumbList","@id":"https:\/\/www.royal1.it\/de\/sigep-2016\/#breadcrumb","itemListElement":[{"@type":"ListItem","position":1,"name":"Home","item":"https:\/\/www.royal1.it\/de\/"},{"@type":"ListItem","position":2,"name":"Sigep &#8211; 23\/27 Januar 2016"}]},{"@type":"WebSite","@id":"https:\/\/www.royal1.it\/#website","url":"https:\/\/www.royal1.it\/","name":"CBC Royal First","description":"Macchine per caff\u00e8 espresso","potentialAction":[{"@type":"SearchAction","target":{"@type":"EntryPoint","urlTemplate":"https:\/\/www.royal1.it\/?s={search_term_string}"},"query-input":"required name=search_term_string"}],"inLanguage":"de"},{"@type":"Person","@id":"https:\/\/www.royal1.it\/#\/schema\/person\/e4c3ac775c7f0cf1665433262de69f73","name":"Marta Vanzella","image":{"@type":"ImageObject","inLanguage":"de","@id":"https:\/\/www.royal1.it\/#\/schema\/person\/image\/","url":"https:\/\/secure.gravatar.com\/avatar\/b60589a00ad822e5b6c8aec3303ac997?s=96&d=mm&r=g","contentUrl":"https:\/\/secure.gravatar.com\/avatar\/b60589a00ad822e5b6c8aec3303ac997?s=96&d=mm&r=g","caption":"Marta Vanzella"},"sameAs":["http:\/\/www.royal1.it"]}]}},"_links":{"self":[{"href":"https:\/\/www.royal1.it\/de\/wp-json\/wp\/v2\/posts\/939"}],"collection":[{"href":"https:\/\/www.royal1.it\/de\/wp-json\/wp\/v2\/posts"}],"about":[{"href":"https:\/\/www.royal1.it\/de\/wp-json\/wp\/v2\/types\/post"}],"author":[{"embeddable":true,"href":"https:\/\/www.royal1.it\/de\/wp-json\/wp\/v2\/users\/2"}],"replies":[{"embeddable":true,"href":"https:\/\/www.royal1.it\/de\/wp-json\/wp\/v2\/comments?post=939"}],"version-history":[{"count":0,"href":"https:\/\/www.royal1.it\/de\/wp-json\/wp\/v2\/posts\/939\/revisions"}],"wp:featuredmedia":[{"embeddable":true,"href":"https:\/\/www.royal1.it\/de\/wp-json\/wp\/v2\/media\/936"}],"wp:attachment":[{"href":"https:\/\/www.royal1.it\/de\/wp-json\/wp\/v2\/media?parent=939"}],"wp:term":[{"taxonomy":"category","embeddable":true,"href":"https:\/\/www.royal1.it\/de\/wp-json\/wp\/v2\/categories?post=939"},{"taxonomy":"post_tag","embeddable":true,"href":"https:\/\/www.royal1.it\/de\/wp-json\/wp\/v2\/tags?post=939"}],"curies":[{"name":"wp","href":"https:\/\/api.w.org\/{rel}","templated":true}]}}