{"id":1283,"date":"2017-07-27T15:19:00","date_gmt":"2017-07-27T13:19:00","guid":{"rendered":"http:\/\/www.royal1.it\/nachrichten\/host-2017\/"},"modified":"2017-07-27T15:26:31","modified_gmt":"2017-07-27T13:26:31","slug":"host-2017","status":"publish","type":"post","link":"https:\/\/www.royal1.it\/de\/host-2017\/","title":{"rendered":"Host \u2013 20\/24 Oktober 2017"},"content":{"rendered":"<p>CBC ROYAL FIRST wird anwesend sein Host 2017 \u2013 MILAN \u2013 von 20 bis 24 Oktober 2017.<br \/>\nPad 24, stand F50 \/ G39.<\/p>\n<p>Link: <a href=\"http:\/\/host.fieramilano.it\/\">host.fieramilano.it<\/a><\/p>\n<p>Host erreicht ihre 40. Auflage und konsolidiert ihre unbestritten f\u00fchrende Stellung im Bereich HoReCa, Foodservice, Retail, Supermarktketten und Hotellerie.<br \/>\nHost bleibt die Vorzugswahl f\u00fcr die Lancierung von Innovationen in der Food-Verarbeitungstechnologie (Equipment), in den Food-Produkten (Rohstoffe, Halbfertigerzeugnisse), in der Welt des Caff\u00e8, in den Formaten, im Design und im Lifestyle. Host ist aber auch ein einzigartiger Marktplatz, auf dem internationales Qualit\u00e4tsbusiness unter aufmerksam ausgew\u00e4hlten Teilnehmern mit hoher Ausgabekapazit\u00e4t stattfindet.<br \/>\nHost ist die Referenz-Veranstaltung f\u00fcr die HoReCa-Welt, unverzichtbar f\u00fcr alle Spezialisten der Au\u00dfer-Haus-Verpflegung und privilegierter Ort, um die Neuheiten der Firmen und neue Markttendenzen kennenzulernen.<br \/>\nVom 20. bis zum 24. Oktober 2017 wird Mailand wieder einmal \u201cHauptstadt des professionellen Gastgewerbes\u201d.<br \/>\n14 Hallen, die die laufenden Produktionsketten und Servicebranchen zu einander in Beziehung setzen und gleichzeitig die Spezifizit\u00e4t einer jeden Branche und einzelnen Firma aufwerten, um somit die Investitionsmaximierung zu garantieren.<br \/>\nBesucher werden von funktionalen Wegen, die Zeit sparen und die Besuchserfahrung optimieren, die Produktionskette entlang gef\u00fchrt. Dies alles soll die maximale Zufriedenheit von Firmen und Fachspezialisten erreichen und somit Host als ideales Szenario f\u00fcr Erfahrungen, Technologien, Qualit\u00e4t und Innovation aus aller Welt best\u00e4tigen.<\/p>\n","protected":false},"excerpt":{"rendered":"<p>CBC ROYAL FIRST wird anwesend sein Host 2017 \u2013 MILAN \u2013 von 20 bis 24 Oktober 2017.<br \/>\nPad 24, stand F50 \/ G39.<\/p>\n","protected":false},"author":2,"featured_media":1280,"comment_status":"closed","ping_status":"closed","sticky":false,"template":"","format":"standard","meta":[],"categories":[33],"tags":[],"acf":[],"yoast_head":"<!-- This site is optimized with the Yoast SEO plugin v20.1 - https:\/\/yoast.com\/wordpress\/plugins\/seo\/ -->\n<title>Host \u2013 20\/24 Oktober 2017 | CBC Royal First<\/title>\n<meta name=\"robots\" content=\"index, follow, max-snippet:-1, max-image-preview:large, max-video-preview:-1\" \/>\n<link rel=\"canonical\" href=\"https:\/\/www.royal1.it\/de\/host-2017\/\" \/>\n<meta property=\"og:locale\" content=\"de_DE\" \/>\n<meta property=\"og:type\" content=\"article\" \/>\n<meta property=\"og:title\" content=\"Host \u2013 20\/24 Oktober 2017 | CBC Royal First\" \/>\n<meta property=\"og:description\" content=\"CBC ROYAL FIRST wird anwesend sein Host 2017 \u2013 MILAN \u2013 von 20 bis 24 Oktober 2017. Pad 24, stand F50 \/ G39.\" \/>\n<meta property=\"og:url\" content=\"https:\/\/www.royal1.it\/de\/host-2017\/\" \/>\n<meta property=\"og:site_name\" content=\"CBC Royal First\" \/>\n<meta property=\"article:published_time\" content=\"2017-07-27T13:19:00+00:00\" \/>\n<meta property=\"article:modified_time\" content=\"2017-07-27T13:26:31+00:00\" \/>\n<meta property=\"og:image\" content=\"https:\/\/www.royal1.it\/royal2015\/wp-content\/uploads\/2017\/07\/2017-10-HOST.jpg\" \/>\n\t<meta property=\"og:image:width\" content=\"952\" \/>\n\t<meta property=\"og:image:height\" content=\"665\" \/>\n\t<meta property=\"og:image:type\" content=\"image\/jpeg\" \/>\n<meta name=\"author\" content=\"Marta Vanzella\" \/>\n<meta name=\"twitter:card\" content=\"summary_large_image\" \/>\n<meta name=\"twitter:label1\" content=\"Verfasst von\" \/>\n\t<meta name=\"twitter:data1\" content=\"Marta Vanzella\" \/>\n\t<meta name=\"twitter:label2\" content=\"Gesch\u00e4tzte Lesezeit\" \/>\n\t<meta name=\"twitter:data2\" content=\"1\u00a0Minute\" \/>\n<script type=\"application\/ld+json\" class=\"yoast-schema-graph\">{\"@context\":\"https:\/\/schema.org\",\"@graph\":[{\"@type\":\"WebPage\",\"@id\":\"https:\/\/www.royal1.it\/de\/host-2017\/\",\"url\":\"https:\/\/www.royal1.it\/de\/host-2017\/\",\"name\":\"Host \u2013 20\/24 Oktober 2017 | CBC Royal First\",\"isPartOf\":{\"@id\":\"https:\/\/www.royal1.it\/#website\"},\"datePublished\":\"2017-07-27T13:19:00+00:00\",\"dateModified\":\"2017-07-27T13:26:31+00:00\",\"author\":{\"@id\":\"https:\/\/www.royal1.it\/#\/schema\/person\/e4c3ac775c7f0cf1665433262de69f73\"},\"breadcrumb\":{\"@id\":\"https:\/\/www.royal1.it\/de\/host-2017\/#breadcrumb\"},\"inLanguage\":\"de\",\"potentialAction\":[{\"@type\":\"ReadAction\",\"target\":[\"https:\/\/www.royal1.it\/de\/host-2017\/\"]}]},{\"@type\":\"BreadcrumbList\",\"@id\":\"https:\/\/www.royal1.it\/de\/host-2017\/#breadcrumb\",\"itemListElement\":[{\"@type\":\"ListItem\",\"position\":1,\"name\":\"Home\",\"item\":\"https:\/\/www.royal1.it\/de\/\"},{\"@type\":\"ListItem\",\"position\":2,\"name\":\"Host \u2013 20\/24 Oktober 2017\"}]},{\"@type\":\"WebSite\",\"@id\":\"https:\/\/www.royal1.it\/#website\",\"url\":\"https:\/\/www.royal1.it\/\",\"name\":\"CBC Royal First\",\"description\":\"Macchine per caff\u00e8 espresso\",\"potentialAction\":[{\"@type\":\"SearchAction\",\"target\":{\"@type\":\"EntryPoint\",\"urlTemplate\":\"https:\/\/www.royal1.it\/?s={search_term_string}\"},\"query-input\":\"required name=search_term_string\"}],\"inLanguage\":\"de\"},{\"@type\":\"Person\",\"@id\":\"https:\/\/www.royal1.it\/#\/schema\/person\/e4c3ac775c7f0cf1665433262de69f73\",\"name\":\"Marta Vanzella\",\"image\":{\"@type\":\"ImageObject\",\"inLanguage\":\"de\",\"@id\":\"https:\/\/www.royal1.it\/#\/schema\/person\/image\/\",\"url\":\"https:\/\/secure.gravatar.com\/avatar\/b60589a00ad822e5b6c8aec3303ac997?s=96&d=mm&r=g\",\"contentUrl\":\"https:\/\/secure.gravatar.com\/avatar\/b60589a00ad822e5b6c8aec3303ac997?s=96&d=mm&r=g\",\"caption\":\"Marta Vanzella\"},\"sameAs\":[\"http:\/\/www.royal1.it\"]}]}<\/script>\n<!-- \/ Yoast SEO plugin. -->","yoast_head_json":{"title":"Host \u2013 20\/24 Oktober 2017 | CBC Royal First","robots":{"index":"index","follow":"follow","max-snippet":"max-snippet:-1","max-image-preview":"max-image-preview:large","max-video-preview":"max-video-preview:-1"},"canonical":"https:\/\/www.royal1.it\/de\/host-2017\/","og_locale":"de_DE","og_type":"article","og_title":"Host \u2013 20\/24 Oktober 2017 | CBC Royal First","og_description":"CBC ROYAL FIRST wird anwesend sein Host 2017 \u2013 MILAN \u2013 von 20 bis 24 Oktober 2017. Pad 24, stand F50 \/ G39.","og_url":"https:\/\/www.royal1.it\/de\/host-2017\/","og_site_name":"CBC Royal First","article_published_time":"2017-07-27T13:19:00+00:00","article_modified_time":"2017-07-27T13:26:31+00:00","og_image":[{"width":952,"height":665,"url":"https:\/\/www.royal1.it\/royal2015\/wp-content\/uploads\/2017\/07\/2017-10-HOST.jpg","type":"image\/jpeg"}],"author":"Marta Vanzella","twitter_card":"summary_large_image","twitter_misc":{"Verfasst von":"Marta Vanzella","Gesch\u00e4tzte Lesezeit":"1\u00a0Minute"},"schema":{"@context":"https:\/\/schema.org","@graph":[{"@type":"WebPage","@id":"https:\/\/www.royal1.it\/de\/host-2017\/","url":"https:\/\/www.royal1.it\/de\/host-2017\/","name":"Host \u2013 20\/24 Oktober 2017 | CBC Royal First","isPartOf":{"@id":"https:\/\/www.royal1.it\/#website"},"datePublished":"2017-07-27T13:19:00+00:00","dateModified":"2017-07-27T13:26:31+00:00","author":{"@id":"https:\/\/www.royal1.it\/#\/schema\/person\/e4c3ac775c7f0cf1665433262de69f73"},"breadcrumb":{"@id":"https:\/\/www.royal1.it\/de\/host-2017\/#breadcrumb"},"inLanguage":"de","potentialAction":[{"@type":"ReadAction","target":["https:\/\/www.royal1.it\/de\/host-2017\/"]}]},{"@type":"BreadcrumbList","@id":"https:\/\/www.royal1.it\/de\/host-2017\/#breadcrumb","itemListElement":[{"@type":"ListItem","position":1,"name":"Home","item":"https:\/\/www.royal1.it\/de\/"},{"@type":"ListItem","position":2,"name":"Host \u2013 20\/24 Oktober 2017"}]},{"@type":"WebSite","@id":"https:\/\/www.royal1.it\/#website","url":"https:\/\/www.royal1.it\/","name":"CBC Royal First","description":"Macchine per caff\u00e8 espresso","potentialAction":[{"@type":"SearchAction","target":{"@type":"EntryPoint","urlTemplate":"https:\/\/www.royal1.it\/?s={search_term_string}"},"query-input":"required name=search_term_string"}],"inLanguage":"de"},{"@type":"Person","@id":"https:\/\/www.royal1.it\/#\/schema\/person\/e4c3ac775c7f0cf1665433262de69f73","name":"Marta Vanzella","image":{"@type":"ImageObject","inLanguage":"de","@id":"https:\/\/www.royal1.it\/#\/schema\/person\/image\/","url":"https:\/\/secure.gravatar.com\/avatar\/b60589a00ad822e5b6c8aec3303ac997?s=96&d=mm&r=g","contentUrl":"https:\/\/secure.gravatar.com\/avatar\/b60589a00ad822e5b6c8aec3303ac997?s=96&d=mm&r=g","caption":"Marta Vanzella"},"sameAs":["http:\/\/www.royal1.it"]}]}},"_links":{"self":[{"href":"https:\/\/www.royal1.it\/de\/wp-json\/wp\/v2\/posts\/1283"}],"collection":[{"href":"https:\/\/www.royal1.it\/de\/wp-json\/wp\/v2\/posts"}],"about":[{"href":"https:\/\/www.royal1.it\/de\/wp-json\/wp\/v2\/types\/post"}],"author":[{"embeddable":true,"href":"https:\/\/www.royal1.it\/de\/wp-json\/wp\/v2\/users\/2"}],"replies":[{"embeddable":true,"href":"https:\/\/www.royal1.it\/de\/wp-json\/wp\/v2\/comments?post=1283"}],"version-history":[{"count":0,"href":"https:\/\/www.royal1.it\/de\/wp-json\/wp\/v2\/posts\/1283\/revisions"}],"wp:featuredmedia":[{"embeddable":true,"href":"https:\/\/www.royal1.it\/de\/wp-json\/wp\/v2\/media\/1280"}],"wp:attachment":[{"href":"https:\/\/www.royal1.it\/de\/wp-json\/wp\/v2\/media?parent=1283"}],"wp:term":[{"taxonomy":"category","embeddable":true,"href":"https:\/\/www.royal1.it\/de\/wp-json\/wp\/v2\/categories?post=1283"},{"taxonomy":"post_tag","embeddable":true,"href":"https:\/\/www.royal1.it\/de\/wp-json\/wp\/v2\/tags?post=1283"}],"curies":[{"name":"wp","href":"https:\/\/api.w.org\/{rel}","templated":true}]}}